{"id":491,"date":"2016-12-06T08:41:08","date_gmt":"2016-12-06T07:41:08","guid":{"rendered":"http:\/\/www.petandshop.com\/blog\/?p=491"},"modified":"2016-12-06T08:41:08","modified_gmt":"2016-12-06T07:41:08","slug":"region-starica-od-70-godina-sekirom-pretukla-napustenog-psa","status":"publish","type":"post","link":"https:\/\/www.petandshop.com\/blog\/region-starica-od-70-godina-sekirom-pretukla-napustenog-psa","title":{"rendered":"Region: Starica od 70 godina sekirom pretukla napu\u0161tenog psa!"},"content":{"rendered":"<p>Hrvatska javnost bila je uznemirena kada su volonteri azila za pse \u010cakovec objavili da su zbrinuli psa koji ima <strong>stravi\u010dne povrede glave<\/strong> za koje je veterinar utvrdio da su nastele <strong>sna\u017enim udarcima sekirom<\/strong>. Jo\u0161 ve\u0107e iznena\u0111enje usledilo je kada se saznalo <strong>ko je psa tako krvni\u010dki isprebijao<\/strong>&#8230;<\/p>\n<p>[addToAppearHere]<\/p>\n<p>Pas je prona\u0111en u hrvatskom selu Celine i odmah je morao da bude operisan. Rana je bila toliko duboka da mu se video mozak&#8230; Operisan je ali su rezultati neizvesni zbog ozbiljnosti povrede.<\/p>\n<p><img loading=\"lazy\" decoding=\"async\" src=\"http:\/\/www.zivotinje.rs\/upload\/vesti\/textImagesNovi\/slike_1\/region\/hrvatska\/cakovec\/15253565_1104076846356782_6085155445079029016_n.jpg\" alt=\"\" width=\"616\" height=\"512\" \/><\/p>\n<p>&#8211;<em>Takav je hodao selom. Ljudi su ga videli pa su zvali komunalnog policajca koji ga je pokupio i odveo u veterinarksu ambulantu u \u010cakovcu gde je hitno operisan. Na\u017ealost, ovo se doga\u0111a sve \u010de\u0161\u0107e. Pas nije \u010dipovan, star je oko tri do \u010detiri godine-<\/em> rekla je predsednica azila Prijatelji \u010cakovec Aleksandra Hampamer.<\/p>\n<p><img loading=\"lazy\" decoding=\"async\" src=\"http:\/\/www.zivotinje.rs\/upload\/vesti\/textImagesNovi\/slike_1\/region\/hrvatska\/cakovec\/15230734_1103809376383529_7554901073382134985_n.jpg\" alt=\"\" width=\"616\" height=\"574\" \/><\/p>\n<p>Danas je stigla i informacija da je psa povredila <strong>starica od 70 godina<\/strong> koja \u017eivi u pomenutom selu.<\/p>\n<p>\u017dena je napu\u0161tenog psa prvo <strong>nasilno dovukla u svoje dvori\u0161te<\/strong> i tu poku\u0161ala da ga povredi. U tom prvom poku\u0161aju <strong>spre\u010dio ju je kom\u0161ija<\/strong> koji se tu slu\u010dajno na\u0161ao. Me\u0111utim, \u017eena je psa odvukla dalje od ku\u0107e i u \u0161ikari iza dvori\u0161ta <strong>udarala ga sekirom po glavi.<\/strong><\/p>\n<p><img loading=\"lazy\" decoding=\"async\" src=\"http:\/\/www.zivotinje.rs\/upload\/vesti\/textImagesNovi\/slike_1\/region\/hrvatska\/cakovec\/15203341_1103809639716836_4244417367934033028_n.jpg\" alt=\"\" width=\"616\" height=\"349\" \/><\/p>\n<p>Svi su mislili da je nesre\u0107no bi\u0107e ostavila na miru, ali njen <strong>sin<\/strong> saznao je \u0161ta je uradila. <strong>On ju je i prijavio.<\/strong><\/p>\n<p>&#8211;<em>Imam dva psa i pet ma\u010daka. Obo\u017eavam \u017eivotinje, ali ona ih mrzi. To je stari na\u010din razmi\u0161ljanja &#8211; ona psa i ma\u010dku ne vidi kao \u017eivo bi\u0107e. U policiji je sve priznala, ali se ne kaje, jer uop\u0161te ne razume \u0161ta je lo\u0161e uradila.-<\/em> ispri\u010dao je njen sin, u\u017easnut onim \u0161to je njegova majka u\u010dinila.<\/p>\n<p><img loading=\"lazy\" decoding=\"async\" src=\"http:\/\/www.zivotinje.rs\/upload\/vesti\/textImagesNovi\/slike_1\/region\/hrvatska\/cakovec\/15192717_1104077089690091_1032433465543437225_n.jpg\" alt=\"\" width=\"616\" height=\"531\" \/><\/p>\n<p>Kom\u0161ije ka\u017eu da se\u00a0ova penzionerka \u010dinila kao sasvim normalna \u017eena, ali je uvek bila malo mrzovoljna i ogor\u010dena. Svakako, zatekla ih je informacija da je u stanju da to u\u010dini.<\/p>\n<p><img loading=\"lazy\" decoding=\"async\" src=\"http:\/\/www.zivotinje.rs\/upload\/vesti\/textImagesNovi\/slike_1\/region\/hrvatska\/cakovec\/15192548_1103809516383515_6210332680662044555_n.jpg\" alt=\"\" width=\"616\" height=\"567\" \/><\/p>\n<p>&#8211;<em>Re\u010d je o vitalnoj \u017eeni pa nam nije te\u0161ko da zamislimo kako je uspela da savlada psa.<\/em><\/p>\n<p>Kom\u0161ije su odlu\u010dile da psu pomognu u saradnji sa volonterima azila u \u010cakovecu.<\/p>\n","protected":false},"excerpt":{"rendered":"<p>Hrvatska javnost bila je uznemirena kada su volonteri azila za pse \u010cakovec objavili da su zbrinuli psa koji ima stravi\u010dne povrede glave za koje je veterinar utvrdio da su nastele <\/p>\n","protected":false},"author":1,"featured_media":492,"comment_status":"open","ping_status":"open","sticky":false,"template":"","format":"standard","meta":{"footnotes":""},"categories":[1],"tags":[],"class_list":["post-491","post","type-post","status-publish","format-standard","has-post-thumbnail","hentry","category-zanimljivosti-o-zivotinjama"],"gutentor_comment":0,"_links":{"self":[{"href":"https:\/\/www.petandshop.com\/blog\/wp-json\/wp\/v2\/posts\/491","targetHints":{"allow":["GET"]}}],"collection":[{"href":"https:\/\/www.petandshop.com\/blog\/wp-json\/wp\/v2\/posts"}],"about":[{"href":"https:\/\/www.petandshop.com\/blog\/wp-json\/wp\/v2\/types\/post"}],"author":[{"embeddable":true,"href":"https:\/\/www.petandshop.com\/blog\/wp-json\/wp\/v2\/users\/1"}],"replies":[{"embeddable":true,"href":"https:\/\/www.petandshop.com\/blog\/wp-json\/wp\/v2\/comments?post=491"}],"version-history":[{"count":1,"href":"https:\/\/www.petandshop.com\/blog\/wp-json\/wp\/v2\/posts\/491\/revisions"}],"predecessor-version":[{"id":493,"href":"https:\/\/www.petandshop.com\/blog\/wp-json\/wp\/v2\/posts\/491\/revisions\/493"}],"wp:featuredmedia":[{"embeddable":true,"href":"https:\/\/www.petandshop.com\/blog\/wp-json\/wp\/v2\/media\/492"}],"wp:attachment":[{"href":"https:\/\/www.petandshop.com\/blog\/wp-json\/wp\/v2\/media?parent=491"}],"wp:term":[{"taxonomy":"category","embeddable":true,"href":"https:\/\/www.petandshop.com\/blog\/wp-json\/wp\/v2\/categories?post=491"},{"taxonomy":"post_tag","embeddable":true,"href":"https:\/\/www.petandshop.com\/blog\/wp-json\/wp\/v2\/tags?post=491"}],"curies":[{"name":"wp","href":"https:\/\/api.w.org\/{rel}","templated":true}]}}